{"id":3664,"date":"2024-07-15T06:35:13","date_gmt":"2024-07-15T04:35:13","guid":{"rendered":"https:\/\/www.bhd-mr-westfalen.de\/siegen-wittgenstein\/?p=3664"},"modified":"2024-08-18T19:20:33","modified_gmt":"2024-08-18T17:20:33","slug":"guellefass-mit-schleppschuh-neu-im-f","status":"publish","type":"post","link":"https:\/\/www.bhd-mr-westfalen.de\/siegen-wittgenstein\/guellefass-mit-schleppschuh-neu-im-f\/","title":{"rendered":"NEU: G\u00fcllefa\u00df mit Schleppschuh"},"content":{"rendered":"\t\t<div data-elementor-type=\"wp-post\" data-elementor-id=\"3664\" class=\"elementor elementor-3664\" data-elementor-post-type=\"post\">\n\t\t\t\t<div class=\"elementor-element elementor-element-17700909 e-flex e-con-boxed e-con e-parent\" data-id=\"17700909\" data-element_type=\"container\" data-e-type=\"container\">\n\t\t\t\t\t<div class=\"e-con-inner\">\n\t\t\t\t<div class=\"elementor-element elementor-element-2f44ba0 elementor-widget elementor-widget-text-editor\" data-id=\"2f44ba0\" data-element_type=\"widget\" data-e-type=\"widget\" data-widget_type=\"text-editor.default\">\n\t\t\t\t<div class=\"elementor-widget-container\">\n\t\t\t\t\t\t\t\t\t<p>Es ist endlich da und wir sind stolz, dass wir mit dieser Investition wieder unseren Maschinenfuhrpark erweitern konnten. Die Rede ist von unserem neuen Briri G\u00fcllefa\u00df mit einem Bomech Schleppschuhverteiler.<\/p><h3>\u00dcbergabe bei Maschinenvorf\u00fchrung<\/h3><p>In der vergangenen Woche wurde uns das Fass von Vertretern der Agravis Technik, Briri und Bomech \u00fcbergeben. Zahlreiche Mitgliedsbetriebe waren auf dem K\u00fcferhof in Erndtebr\u00fcck vor Ort, um dabei zu sein. Nat\u00fcrlich wurde der Praxiseinsatz des Fasses genaustens unter die Lupe genommen. Das Vakuumfa\u00df hat ein Volumen von 8.800 Litern, verf\u00fcgt \u00fcber Obenanh\u00e4ngung, besitzt einen tiefen Schwerpunkt und ist mit einem Turbobef\u00fcller ausgestattet.<\/p><div class=\"wp-playlist wp-video-playlist wp-playlist-light\">\n\t\t<video controls=\"controls\" preload=\"none\" width=\"778\"\n\t\t height=\"438\"\t><\/video>\n\t<div class=\"wp-playlist-next\"><\/div>\n\t<div class=\"wp-playlist-prev\"><\/div>\n\t<noscript>\n\t<ol>\n\t\t<li><a href='https:\/\/www.bhd-mr-westfalen.de\/siegen-wittgenstein\/wp-content\/uploads\/sites\/4\/2024\/07\/20240710_132839.mp4'>G\u00fcllefa\u00df im Einsatz<\/a><\/li>\t<\/ol>\n\t<\/noscript>\n\t<script type=\"application\/json\" class=\"wp-playlist-script\">{\"type\":\"video\",\"tracklist\":true,\"tracknumbers\":true,\"images\":true,\"artists\":true,\"tracks\":[{\"src\":\"https:\/\/www.bhd-mr-westfalen.de\/siegen-wittgenstein\/wp-content\/uploads\/sites\/4\/2024\/07\/20240710_132839.mp4\",\"type\":\"video\/mp4\",\"title\":\"G\\u00fcllefa\\u00df im Einsatz\",\"caption\":\"\",\"description\":\"\",\"meta\":{\"length_formatted\":\"0:36\"},\"dimensions\":{\"original\":{\"width\":1920,\"height\":1080},\"resized\":{\"width\":778,\"height\":438}},\"image\":{\"src\":\"https:\/\/www.bhd-mr-westfalen.de\/siegen-wittgenstein\/wp-includes\/images\/media\/video.svg\",\"width\":48,\"height\":64},\"thumb\":{\"src\":\"https:\/\/www.bhd-mr-westfalen.de\/siegen-wittgenstein\/wp-includes\/images\/media\/video.svg\",\"width\":48,\"height\":64}}]}<\/script>\n<\/div>\n\t<p>Viele Anwesende nutzen das Angebot und informierten sich bei den Experten rund um die gezeigte G\u00fclletechnik. Bei W\u00fcrstchen im Br\u00f6tchen, leckerem Kuchen und Kaltgetr\u00e4nken klang die Maschinenvorf\u00fchrung aus.<\/p><p>Standort der Maschine: Erndtebr\u00fcck (vorl\u00e4ufig)<\/p><p>Bildnachweis: Christiane Schmidt<\/p>\t\t\t\t\t\t\t\t<\/div>\n\t\t\t\t<\/div>\n\t\t\t\t\t<\/div>\n\t\t\t\t<\/div>\n\t\t\t\t<\/div>\n\t\t","protected":false},"excerpt":{"rendered":"<p>Mit Rahmen unserer Maschinenvorf\u00fchrung wurde uns jetzt das neue G\u00fcllefa\u00df \u00fcbergeben, das sich unsere Mitgliedsbetriebe ab sofort ausleihen k\u00f6nnen.<\/p>\n","protected":false},"author":10,"featured_media":3666,"comment_status":"open","ping_status":"closed","sticky":false,"template":"","format":"standard","meta":{"footnotes":""},"categories":[1,16,17],"tags":[],"class_list":["post-3664","post","type-post","status-publish","format-standard","has-post-thumbnail","hentry","category-allgemein","category-bhd","category-mr"],"_links":{"self":[{"href":"https:\/\/www.bhd-mr-westfalen.de\/siegen-wittgenstein\/wp-json\/wp\/v2\/posts\/3664","targetHints":{"allow":["GET"]}}],"collection":[{"href":"https:\/\/www.bhd-mr-westfalen.de\/siegen-wittgenstein\/wp-json\/wp\/v2\/posts"}],"about":[{"href":"https:\/\/www.bhd-mr-westfalen.de\/siegen-wittgenstein\/wp-json\/wp\/v2\/types\/post"}],"author":[{"embeddable":true,"href":"https:\/\/www.bhd-mr-westfalen.de\/siegen-wittgenstein\/wp-json\/wp\/v2\/users\/10"}],"replies":[{"embeddable":true,"href":"https:\/\/www.bhd-mr-westfalen.de\/siegen-wittgenstein\/wp-json\/wp\/v2\/comments?post=3664"}],"version-history":[{"count":6,"href":"https:\/\/www.bhd-mr-westfalen.de\/siegen-wittgenstein\/wp-json\/wp\/v2\/posts\/3664\/revisions"}],"predecessor-version":[{"id":3697,"href":"https:\/\/www.bhd-mr-westfalen.de\/siegen-wittgenstein\/wp-json\/wp\/v2\/posts\/3664\/revisions\/3697"}],"wp:featuredmedia":[{"embeddable":true,"href":"https:\/\/www.bhd-mr-westfalen.de\/siegen-wittgenstein\/wp-json\/wp\/v2\/media\/3666"}],"wp:attachment":[{"href":"https:\/\/www.bhd-mr-westfalen.de\/siegen-wittgenstein\/wp-json\/wp\/v2\/media?parent=3664"}],"wp:term":[{"taxonomy":"category","embeddable":true,"href":"https:\/\/www.bhd-mr-westfalen.de\/siegen-wittgenstein\/wp-json\/wp\/v2\/categories?post=3664"},{"taxonomy":"post_tag","embeddable":true,"href":"https:\/\/www.bhd-mr-westfalen.de\/siegen-wittgenstein\/wp-json\/wp\/v2\/tags?post=3664"}],"curies":[{"name":"wp","href":"https:\/\/api.w.org\/{rel}","templated":true}]}}